{"id":1282,"date":"2026-08-31T12:22:31","date_gmt":"2026-08-31T10:22:31","guid":{"rendered":"https:\/\/luniondeslivres.com\/?p=1282"},"modified":"2026-08-31T14:20:26","modified_gmt":"2026-08-31T12:20:26","slug":"martine-et-jean-jacques-au-festival-du-livre-de-mouans-sartoux-2026","status":"publish","type":"post","link":"https:\/\/luniondeslivres.com\/index.php\/2026\/08\/31\/martine-et-jean-jacques-au-festival-du-livre-de-mouans-sartoux-2026\/","title":{"rendered":"Martine au Festival du Livre de Mouans-Sartoux 2026"},"content":{"rendered":"\n<p class=\"wp-block-paragraph\">Le Festival du Livre de Mouans-Sartoux approche et, cette ann\u00e9e encore, Martine Basso aura le plaisir de participer \u00e0 ce grand rendez-vous litt\u00e9raire de la C\u00f4te d\u2019Azur. La 39e \u00e9dition se tiendra les 2, 3 et 4 octobre 2026 autour du th\u00e8me \u00ab <strong><em>Le monde en vaut la peine !<\/em><\/strong> \u00bb.<\/p>\n\n\n\n<p class=\"wp-block-paragraph\">Ce ne sera pas sa premi\u00e8re participation. Au fil des ann\u00e9es, Mouans-Sartoux est devenu pour Martine et Jean-Jacques un rendez-vous familier, fait de rencontres, de discussions et d\u2019\u00e9changes directs avec celles et ceux qui aiment les livres. Les organisateurs annoncent trois journ\u00e9es consacr\u00e9es aux livres, aux id\u00e9es, aux rencontres, au cin\u00e9ma, aux spectacles et aux d\u00e9bats.<\/p>\n\n\n\n<h2 class=\"wp-block-heading\">Un nouveau roman \u00e0 pr\u00e9senter aux lecteurs<\/h2>\n\n\n\n<p class=\"wp-block-paragraph\">Cette \u00e9dition aura une saveur particuli\u00e8re puisque Martine viendra notamment pr\u00e9senter leur tout nouveau roman :<\/p>\n\n\n\n<p class=\"wp-block-paragraph\"><strong>Le Glaive et le Cimeterre<br>Tome 1 : Les Tables de la Loi<\/strong><\/p>\n\n\n\n<p class=\"wp-block-paragraph\">Un ouvrage qui entra\u00eene cette fois le lecteur dans une vaste fresque historique dont les origines remontent \u00e0 l\u2019\u00c9gypte du pharaon Akh\u00e9naton. Tout commence par une \u00e9nigme : que peuvent bien r\u00e9v\u00e9ler de myst\u00e9rieuses plaques carr\u00e9es de turquoise l\u00e9gu\u00e9es par le pharaon ?<\/p>\n\n\n\n<p class=\"wp-block-paragraph\">Ce tr\u00e9sor traverse ensuite les si\u00e8cles et les civilisations jusqu\u2019\u00e0 l\u2019Espagne arabo-andalouse. Wisigoths, chr\u00e9tiens espagnols, \u00e9mirs musulmans et chevaliers du Temple vont successivement chercher \u00e0 s\u2019en emparer. Sur leur chemin, des indices grav\u00e9s sur un glaive et un cimeterre alimentent une qu\u00eate o\u00f9 se m\u00ealent recherches, affrontements et myst\u00e8res.<\/p>\n\n\n\n<h2 class=\"wp-block-heading\">Quand l\u2019Histoire devient le terrain d\u2019une aventure<\/h2>\n\n\n\n<p class=\"wp-block-paragraph\">Ceux qui connaissent d\u00e9j\u00e0 les romans de Martine et Jean-Jacques retrouveront ce qui caract\u00e9rise leur \u00e9criture commune : partir de faits historiques, scientifiques ou culturels document\u00e9s pour construire une v\u00e9ritable aventure romanesque.<\/p>\n\n\n\n<p class=\"wp-block-paragraph\">Leur compl\u00e9mentarit\u00e9 joue ici pleinement son r\u00f4le. Martine apporte son go\u00fbt pour les sciences, l\u2019histoire ancienne, les civilisations et les \u00e9nigmes. Jean-Jacques accompagne cette cr\u00e9ation par son regard litt\u00e9raire et son int\u00e9r\u00eat pour l\u2019histoire, les soci\u00e9t\u00e9s et la coh\u00e9rence du r\u00e9cit.<\/p>\n\n\n\n<p class=\"wp-block-paragraph\">Leur \u00e9diteur pr\u00e9sente d\u2019ailleurs leur travail comme la rencontre de deux formations compl\u00e9mentaires, scientifique pour Martine et litt\u00e9raire pour Jean-Jacques, r\u00e9unies depuis de nombreuses ann\u00e9es autour de l\u2019\u00e9criture. Avec <strong>Le Glaive et le Cimeterre<\/strong>, leur terrain de jeu devient particuli\u00e8rement vaste : l\u2019\u00c9gypte ancienne, les Wisigoths, l\u2019Espagne chr\u00e9tienne et musulmane, les Templiers et plusieurs si\u00e8cles d\u2019histoire se croisent autour d\u2019un m\u00eame secret.<\/p>\n\n\n\n<h2 class=\"wp-block-heading\">Un festival fait pour les rencontres<\/h2>\n\n\n\n<p class=\"wp-block-paragraph\">Le Festival du Livre de Mouans-Sartoux occupe une place particuli\u00e8re dans la vie culturelle r\u00e9gionale. Pendant trois jours, auteurs, lecteurs, \u00e9diteurs et passionn\u00e9s se retrouvent autour de centaines de livres, de rencontres, de d\u00e9bats, de projections et de spectacles.<\/p>\n\n\n\n<p class=\"wp-block-paragraph\">Pour les auteurs, ces journ\u00e9es permettent surtout de sortir du t\u00eate-\u00e0-t\u00eate de l\u2019\u00e9criture pour retrouver ceux \u00e0 qui leurs histoires sont destin\u00e9es : les lecteurs. Parler d\u2019un personnage, expliquer l\u2019origine d\u2019une \u00e9nigme, \u00e9voquer les recherches n\u00e9cessaires \u00e0 la pr\u00e9paration d\u2019un roman ou simplement recueillir les impressions de quelqu\u2019un qui vient de refermer un livre fait partie des plaisirs de ces rencontres.<\/p>\n\n\n\n<p class=\"wp-block-paragraph\">Martine sera donc heureuse de retrouver les habitu\u00e9s du Festival, mais aussi de faire connaissance avec de nouveaux lecteurs.<\/p>\n\n\n\n<p class=\"wp-block-paragraph\"><strong>Rendez-vous les 2, 3 et 4 octobre 2026 \u00e0 Mouans-Sartoux.<\/strong><\/p>\n\n\n\n<p class=\"wp-block-paragraph\">Et si vous la croisez avec un glaive, un cimeterre et quelques myst\u00e9rieuses plaques de turquoise \u00e0 proximit\u00e9, vous saurez d\u00e9sormais pourquoi.<\/p>\n\n\n\n<p class=\"wp-block-paragraph\">Disponible sur le site de l&rsquo;\u00e9diteur<br><a href=\"https:\/\/www.ventdeslettres.fr\/produit\/le-glaive-et-le-cimeterre-1\/\">https:\/\/www.ventdeslettres.fr\/produit\/le-glaive-et-le-cimeterre-1\/<\/a><\/p>\n","protected":false},"excerpt":{"rendered":"<p>Le Festival du Livre de Mouans-Sartoux approche et, cette ann\u00e9e encore, Martine Basso aura le plaisir de participer \u00e0 ce grand rendez-vous litt\u00e9raire de la C\u00f4te d\u2019Azur. La 39e \u00e9dition se tiendra les 2, 3 et 4 octobre 2026 autour du th\u00e8me \u00ab Le monde en vaut la peine ! \u00bb. Ce ne sera pas&#8230;<\/p>\n","protected":false},"author":3,"featured_media":1288,"comment_status":"open","ping_status":"open","sticky":false,"template":"","format":"standard","meta":{"footnotes":""},"categories":[119,75],"tags":[87,83,96],"class_list":["post-1282","post","type-post","status-publish","format-standard","has-post-thumbnail","hentry","category-le-glaive-et-le-cimeterre","category-salons","tag-roman-aventure","tag-roman-historique","tag-thriller-historique"],"_links":{"self":[{"href":"https:\/\/luniondeslivres.com\/index.php\/wp-json\/wp\/v2\/posts\/1282","targetHints":{"allow":["GET"]}}],"collection":[{"href":"https:\/\/luniondeslivres.com\/index.php\/wp-json\/wp\/v2\/posts"}],"about":[{"href":"https:\/\/luniondeslivres.com\/index.php\/wp-json\/wp\/v2\/types\/post"}],"author":[{"embeddable":true,"href":"https:\/\/luniondeslivres.com\/index.php\/wp-json\/wp\/v2\/users\/3"}],"replies":[{"embeddable":true,"href":"https:\/\/luniondeslivres.com\/index.php\/wp-json\/wp\/v2\/comments?post=1282"}],"version-history":[{"count":3,"href":"https:\/\/luniondeslivres.com\/index.php\/wp-json\/wp\/v2\/posts\/1282\/revisions"}],"predecessor-version":[{"id":1290,"href":"https:\/\/luniondeslivres.com\/index.php\/wp-json\/wp\/v2\/posts\/1282\/revisions\/1290"}],"wp:featuredmedia":[{"embeddable":true,"href":"https:\/\/luniondeslivres.com\/index.php\/wp-json\/wp\/v2\/media\/1288"}],"wp:attachment":[{"href":"https:\/\/luniondeslivres.com\/index.php\/wp-json\/wp\/v2\/media?parent=1282"}],"wp:term":[{"taxonomy":"category","embeddable":true,"href":"https:\/\/luniondeslivres.com\/index.php\/wp-json\/wp\/v2\/categories?post=1282"},{"taxonomy":"post_tag","embeddable":true,"href":"https:\/\/luniondeslivres.com\/index.php\/wp-json\/wp\/v2\/tags?post=1282"}],"curies":[{"name":"wp","href":"https:\/\/api.w.org\/{rel}","templated":true}]}}